{"id":3261,"date":"2025-04-05T11:25:39","date_gmt":"2025-04-05T11:25:39","guid":{"rendered":"https:\/\/udriveautosiskola.hu\/?p=3261"},"modified":"2025-06-02T16:27:11","modified_gmt":"2025-06-02T16:27:11","slug":"elvegeztem-az-ingyenes-kressz-tanfolyamot","status":"publish","type":"post","link":"https:\/\/udriveautosiskola.hu\/en\/2025\/04\/05\/elvegeztem-az-ingyenes-kressz-tanfolyamot\/","title":{"rendered":"Elv\u00e9geztem az ingyenes KRESZ tanfolyamot. Hogyan tov\u00e1bb?"},"content":{"rendered":"<div data-elementor-type=\"wp-post\" data-elementor-id=\"3261\" class=\"elementor elementor-3261\" data-elementor-post-type=\"post\">\n\t\t\t\t\t\t<section class=\"elementor-section elementor-top-section elementor-element elementor-element-f8fda1a elementor-section-height-min-height elementor-section-content-middle elementor-section-items-top elementor-section-boxed elementor-section-height-default\" data-id=\"f8fda1a\" data-element_type=\"section\" data-e-type=\"section\" data-settings=\"{&quot;background_background&quot;:&quot;classic&quot;}\">\n\t\t\t\t\t\t<div class=\"elementor-container elementor-column-gap-no\">\n\t\t\t\t\t<div class=\"elementor-column elementor-col-100 elementor-top-column elementor-element elementor-element-66369f7\" data-id=\"66369f7\" data-element_type=\"column\" data-e-type=\"column\">\n\t\t\t<div class=\"elementor-widget-wrap elementor-element-populated\">\n\t\t\t\t\t\t<div class=\"elementor-element elementor-element-1ce060f elementor-invisible elementor-widget elementor-widget-heading\" data-id=\"1ce060f\" data-element_type=\"widget\" data-e-type=\"widget\" data-settings=\"{&quot;_animation&quot;:&quot;fadeIn&quot;,&quot;_animation_delay&quot;:100}\" data-widget_type=\"heading.default\">\n\t\t\t\t<div class=\"elementor-widget-container\">\n\t\t\t\t\t<h2 class=\"elementor-heading-title elementor-size-default\">Elv\u00e9geztem az ingyenes KRESZ tanfolyamot, el szeretn\u00e9m kezdeni a vezet\u00e9st! <br>\nHogyan tov\u00e1bb?<\/h2>\t\t\t\t<\/div>\n\t\t\t\t<\/div>\n\t\t\t\t<div class=\"elementor-element elementor-element-6d2427d elementor-widget-divider--view-line elementor-widget elementor-widget-divider\" data-id=\"6d2427d\" data-element_type=\"widget\" data-e-type=\"widget\" data-widget_type=\"divider.default\">\n\t\t\t\t<div class=\"elementor-widget-container\">\n\t\t\t\t\t\t\t<div class=\"elementor-divider\">\n\t\t\t<span class=\"elementor-divider-separator\">\n\t\t\t\t\t\t<\/span>\n\t\t<\/div>\n\t\t\t\t\t\t<\/div>\n\t\t\t\t<\/div>\n\t\t\t\t<div class=\"elementor-element elementor-element-aa4fded elementor-widget elementor-widget-text-editor\" data-id=\"aa4fded\" data-element_type=\"widget\" data-e-type=\"widget\" data-widget_type=\"text-editor.default\">\n\t\t\t\t<div class=\"elementor-widget-container\">\n\t\t\t\t\t\t\t\t\t<p>2024. szeptember\u00e9ben indult el a k\u00f6z\u00e9piskol\u00e1kban a v\u00e9gz\u0151s \u00e9vfolyamok r\u00e9sz\u00e9re az ingyenesen el\u00e9rhet\u0151 \u201eB\u201d kateg\u00f3ri\u00e1s elm\u00e9leti k\u00e9pz\u00e9s \u00e9s az els\u0151seg\u00e9lyny\u00fajt\u00e1si tanfolyam, mindkett\u0151 e-learning rendszerben. M\u00falt \u00e9v december\u00e9t\u0151l m\u00e1r az elm\u00e9leti vizsg\u00e1k let\u00e9tel\u00e9re is van lehet\u0151s\u00e9ge a tanul\u00f3knak a k\u00f6z\u00e9piskol\u00e1kban, \u00edgy egyre t\u00f6bb tanul\u00f3 sz\u00e1m\u00e1ra v\u00e1lik aktu\u00e1liss\u00e1 a gyakorlati k\u00e9pz\u00e9s megkezd\u00e9se.<\/p>\t\t\t\t\t\t\t\t<\/div>\n\t\t\t\t<\/div>\n\t\t\t\t\t<\/div>\n\t\t<\/div>\n\t\t\t\t\t<\/div>\n\t\t<\/section>\n\t\t\t\t<section class=\"elementor-section elementor-top-section elementor-element elementor-element-ed08172 elementor-reverse-mobile elementor-section-height-min-height elementor-section-items-top elementor-section-boxed elementor-section-height-default\" data-id=\"ed08172\" data-element_type=\"section\" data-e-type=\"section\" data-settings=\"{&quot;background_background&quot;:&quot;classic&quot;}\">\n\t\t\t\t\t\t\t<div class=\"elementor-background-overlay\"><\/div>\n\t\t\t\t\t\t\t<div class=\"elementor-container elementor-column-gap-no\">\n\t\t\t\t\t<div class=\"elementor-column elementor-col-100 elementor-top-column elementor-element elementor-element-05f50c3\" data-id=\"05f50c3\" data-element_type=\"column\" data-e-type=\"column\">\n\t\t\t<div class=\"elementor-widget-wrap elementor-element-populated\">\n\t\t\t\t\t\t<div class=\"elementor-element elementor-element-2429713 elementor-widget-divider--view-line elementor-widget elementor-widget-divider\" data-id=\"2429713\" data-element_type=\"widget\" data-e-type=\"widget\" data-widget_type=\"divider.default\">\n\t\t\t\t<div class=\"elementor-widget-container\">\n\t\t\t\t\t\t\t<div class=\"elementor-divider\">\n\t\t\t<span class=\"elementor-divider-separator\">\n\t\t\t\t\t\t<\/span>\n\t\t<\/div>\n\t\t\t\t\t\t<\/div>\n\t\t\t\t<\/div>\n\t\t\t\t<div class=\"elementor-element elementor-element-a7980a0 elementor-widget elementor-widget-text-editor\" data-id=\"a7980a0\" data-element_type=\"widget\" data-e-type=\"widget\" data-widget_type=\"text-editor.default\">\n\t\t\t\t<div class=\"elementor-widget-container\">\n\t\t\t\t\t\t\t\t\t<p>A k\u00e9pz\u00e9s ingyenes folytat\u00e1s\u00e1ra jelenleg a Magyar Honv\u00e9ds\u00e9g \u00e1ltal v\u00e9gzett gyakorlati oktat\u00e1s k\u00edn\u00e1l a tanul\u00f3knak lehet\u0151s\u00e9get, de ez egyel\u0151re csak n\u00e9h\u00e1ny k\u00f6z\u00e9piskol\u00e1ban \u00e9rhet\u0151 el. \u00cdgy az orsz\u00e1g legt\u00f6bb k\u00f6z\u00e9piskol\u00e1j\u00e1b\u00f3l <strong>a tanul\u00f3k a \u201eB\u201d kateg\u00f3ri\u00e1s k\u00e9pz\u00e9si enged\u00e9llyel rendelkez\u0151 aut\u00f3siskol\u00e1kban tudj\u00e1k folytatni a k\u00e9pz\u00e9s\u00fcket.<\/strong><\/p>\n<p>Ha teh\u00e1t <strong>a tanul\u00f3<\/strong> sz\u00e1m\u00e1ra nem lehets\u00e9ges a honv\u00e9ds\u00e9gi k\u00e9pz\u00e9s vagy nem k\u00edv\u00e1nja azt v\u00e1lasztani, akkor <strong>a tanulm\u00e1nyi rendszerben (KR\u00c9TA) let\u00f6ltheti az \u00e1thelyez\u00e9shez sz\u00fcks\u00e9ges K\u00e9pz\u00e9si igazol\u00e1st.<\/strong> Kiskor\u00fa tanul\u00f3 eset\u00e9n <strong>sz\u00fcl\u0151i j\u00f3v\u00e1hagy\u00e1sra is sz\u00fcks\u00e9g van<\/strong> a KR\u00c9TA rendszerben. Ha a K\u00e9pz\u00e9si igazol\u00e1st a tanul\u00f3 az \u00e1ltala <strong>v\u00e1lasztott aut\u00f3siskol\u00e1n\u00e1l bemutatja<\/strong> \u00e9s az iskola k\u00e9szen \u00e1ll sz\u00e1m\u00e1ra gyakorlati k\u00e9pz\u00e9st ny\u00fajtani, akkor az <strong>iskol\u00e1nak<\/strong> a K\u00e9pz\u00e9si igazol\u00e1son megtal\u00e1lhat\u00f3 azonos\u00edt\u00f3k (tanul\u00f3 azonos\u00edt\u00f3 \u00e9s k\u00e9pz\u00e9si igazol\u00e1s azonos\u00edt\u00f3) felhaszn\u00e1l\u00e1s\u00e1val <strong>ki kell nyomtatnia a tanul\u00f3 sz\u00e1m\u00e1ra<\/strong> a K\u00f6zleked\u00e9si Alkalmass\u00e1gi \u00e9s Vizsgak\u00f6zpont (KAV) <strong>KVAR rendszer\u00e9b\u0151l egy \u00fagynevezett Befogad\u00f3 nyilatkozatot<\/strong>. A tanul\u00f3 <strong>a K\u00e9pz\u00e9si igazol\u00e1s \u00e9s a Befogad\u00f3 nyilatkozat birtok\u00e1ban a KAV b\u00e1rmelyik k\u00f6z\u00fati \u00fcgyf\u00e9lszolg\u00e1lat\u00e1n (<\/strong><a href=\"https:\/\/kavk.hu\/kapcsolat\/kozuti-ugyfelszolgalatok\"><strong>https:\/\/kavk.hu\/kapcsolat\/kozuti-ugyfelszolgalatok<\/strong><\/a><strong>) szem\u00e9lyesen k\u00e9rheti az \u00e1thelyez\u00e9s v\u00e9gleges\u00edt\u00e9s\u00e9t<\/strong>. Ezt k\u00f6vet\u0151en kezdhet\u0151 meg a tanul\u00f3 gyakorlati k\u00e9pz\u00e9se.<\/p>\t\t\t\t\t\t\t\t<\/div>\n\t\t\t\t<\/div>\n\t\t\t\t\t<\/div>\n\t\t<\/div>\n\t\t\t\t\t<\/div>\n\t\t<\/section>\n\t\t\t\t<section class=\"elementor-section elementor-top-section elementor-element elementor-element-d3f1106 elementor-reverse-mobile elementor-section-height-min-height elementor-section-items-top elementor-section-boxed elementor-section-height-default\" data-id=\"d3f1106\" data-element_type=\"section\" data-e-type=\"section\" data-settings=\"{&quot;background_background&quot;:&quot;classic&quot;}\">\n\t\t\t\t\t\t\t<div class=\"elementor-background-overlay\"><\/div>\n\t\t\t\t\t\t\t<div class=\"elementor-container elementor-column-gap-no\">\n\t\t\t\t\t<div class=\"elementor-column elementor-col-100 elementor-top-column elementor-element elementor-element-66fea8b\" data-id=\"66fea8b\" data-element_type=\"column\" data-e-type=\"column\">\n\t\t\t<div class=\"elementor-widget-wrap elementor-element-populated\">\n\t\t\t\t\t\t<div class=\"elementor-element elementor-element-0937b1c elementor-widget-divider--view-line elementor-widget elementor-widget-divider\" data-id=\"0937b1c\" data-element_type=\"widget\" data-e-type=\"widget\" data-widget_type=\"divider.default\">\n\t\t\t\t<div class=\"elementor-widget-container\">\n\t\t\t\t\t\t\t<div class=\"elementor-divider\">\n\t\t\t<span class=\"elementor-divider-separator\">\n\t\t\t\t\t\t<\/span>\n\t\t<\/div>\n\t\t\t\t\t\t<\/div>\n\t\t\t\t<\/div>\n\t\t\t\t<div class=\"elementor-element elementor-element-0323cb9 elementor-widget elementor-widget-text-editor\" data-id=\"0323cb9\" data-element_type=\"widget\" data-e-type=\"widget\" data-widget_type=\"text-editor.default\">\n\t\t\t\t<div class=\"elementor-widget-container\">\n\t\t\t\t\t\t\t\t\t<p>A gyakorlati k\u00e9pz\u00e9sre t\u00f6rt\u00e9n\u0151 \u00e1tjelentkez\u00e9s r\u00e9szleteir\u0151l a KR\u00c9TA Tud\u00e1sb\u00e1zisa ny\u00fajt r\u00e9szletes t\u00e1j\u00e9koztat\u00e1st a k\u00f6vetkez\u0151 linken:<\/p><p><a href=\"https:\/\/tudasbazis.ekreta.hu\/pages\/viewpage.action?pageId=130678801\"><strong>https:\/\/tudasbazis.ekreta.hu\/pages\/viewpage.action?pageId=130678801<br \/><br \/><\/strong><\/a><\/p><p><strong>Ha m\u00e9g nem tal\u00e1ltad meg, hol szeretn\u00e9d a gyakorlati oktat\u00e1st elv\u00e9gezni, akkor v\u00e1runk szeretettel aut\u00f3siskol\u00e1nkban.\u00a0<br \/>Tov\u00e1bb r\u00e9szletek\u00e9rt kattints az al\u00e1bbi weboldalra: <\/strong><a href=\"http:\/\/www.udriveautosiskola.hu\"><strong>www.udriveautosiskola.hu<\/strong><\/a><\/p>\t\t\t\t\t\t\t\t<\/div>\n\t\t\t\t<\/div>\n\t\t\t\t\t<\/div>\n\t\t<\/div>\n\t\t\t\t\t<\/div>\n\t\t<\/section>\n\t\t\t\t<\/div>","protected":false},"excerpt":{"rendered":"<p>Elv\u00e9geztem az ingyenes KRESZ tanfolyamot, el szeretn\u00e9m kezdeni a vezet\u00e9st! Hogyan tov\u00e1bb? 2024. szeptember\u00e9ben indult el a k\u00f6z\u00e9piskol\u00e1kban a v\u00e9gz\u0151s \u00e9vfolyamok r\u00e9sz\u00e9re az ingyenesen el\u00e9rhet\u0151 \u201eB\u201d kateg\u00f3ri\u00e1s elm\u00e9leti k\u00e9pz\u00e9s \u00e9s az els\u0151seg\u00e9lyny\u00fajt\u00e1si tanfolyam, mindkett\u0151 e-learning rendszerben. M\u00falt \u00e9v december\u00e9t\u0151l m\u00e1r az elm\u00e9leti vizsg\u00e1k let\u00e9tel\u00e9re is van lehet\u0151s\u00e9ge a tanul\u00f3knak a k\u00f6z\u00e9piskol\u00e1kban, \u00edgy egyre t\u00f6bb tanul\u00f3 [&hellip;]<\/p>","protected":false},"author":3,"featured_media":522,"comment_status":"closed","ping_status":"closed","sticky":false,"template":"","format":"standard","meta":{"_monsterinsights_skip_tracking":false,"_monsterinsights_sitenote_active":false,"_monsterinsights_sitenote_note":"","_monsterinsights_sitenote_category":0,"footnotes":""},"categories":[1],"tags":[],"class_list":["post-3261","post","type-post","status-publish","format-standard","has-post-thumbnail","hentry","category-uncategorized"],"aioseo_notices":[],"rttpg_featured_image_url":{"full":["https:\/\/udriveautosiskola.hu\/wp-content\/uploads\/2024\/05\/2148902263.jpg",1000,665,false],"landscape":["https:\/\/udriveautosiskola.hu\/wp-content\/uploads\/2024\/05\/2148902263.jpg",1000,665,false],"portraits":["https:\/\/udriveautosiskola.hu\/wp-content\/uploads\/2024\/05\/2148902263.jpg",1000,665,false],"thumbnail":["https:\/\/udriveautosiskola.hu\/wp-content\/uploads\/2024\/05\/2148902263-150x150.jpg",150,150,true],"medium":["https:\/\/udriveautosiskola.hu\/wp-content\/uploads\/2024\/05\/2148902263-300x200.jpg",300,200,true],"large":["https:\/\/udriveautosiskola.hu\/wp-content\/uploads\/2024\/05\/2148902263.jpg",800,532,false],"1536x1536":["https:\/\/udriveautosiskola.hu\/wp-content\/uploads\/2024\/05\/2148902263.jpg",1000,665,false],"2048x2048":["https:\/\/udriveautosiskola.hu\/wp-content\/uploads\/2024\/05\/2148902263.jpg",1000,665,false],"trp-custom-language-flag":["https:\/\/udriveautosiskola.hu\/wp-content\/uploads\/2024\/05\/2148902263.jpg",18,12,false]},"rttpg_author":{"display_name":"udriveau","author_link":"https:\/\/udriveautosiskola.hu\/en\/author\/udriveau\/"},"rttpg_comment":0,"rttpg_category":"<a href=\"https:\/\/udriveautosiskola.hu\/en\/category\/uncategorized\/\" rel=\"category tag\">Uncategorized<\/a>","rttpg_excerpt":"Elv\u00e9geztem az ingyenes KRESZ tanfolyamot, el szeretn\u00e9m kezdeni a vezet\u00e9st! Hogyan tov\u00e1bb? 2024. szeptember\u00e9ben indult el a k\u00f6z\u00e9piskol\u00e1kban a v\u00e9gz\u0151s \u00e9vfolyamok r\u00e9sz\u00e9re az ingyenesen el\u00e9rhet\u0151 \u201eB\u201d kateg\u00f3ri\u00e1s elm\u00e9leti k\u00e9pz\u00e9s \u00e9s az els\u0151seg\u00e9lyny\u00fajt\u00e1si tanfolyam, mindkett\u0151 e-learning rendszerben. M\u00falt \u00e9v december\u00e9t\u0151l m\u00e1r az elm\u00e9leti vizsg\u00e1k let\u00e9tel\u00e9re is van lehet\u0151s\u00e9ge a tanul\u00f3knak a k\u00f6z\u00e9piskol\u00e1kban, \u00edgy egyre t\u00f6bb tanul\u00f3&hellip;","_links":{"self":[{"href":"https:\/\/udriveautosiskola.hu\/en\/wp-json\/wp\/v2\/posts\/3261","targetHints":{"allow":["GET"]}}],"collection":[{"href":"https:\/\/udriveautosiskola.hu\/en\/wp-json\/wp\/v2\/posts"}],"about":[{"href":"https:\/\/udriveautosiskola.hu\/en\/wp-json\/wp\/v2\/types\/post"}],"author":[{"embeddable":true,"href":"https:\/\/udriveautosiskola.hu\/en\/wp-json\/wp\/v2\/users\/3"}],"replies":[{"embeddable":true,"href":"https:\/\/udriveautosiskola.hu\/en\/wp-json\/wp\/v2\/comments?post=3261"}],"version-history":[{"count":8,"href":"https:\/\/udriveautosiskola.hu\/en\/wp-json\/wp\/v2\/posts\/3261\/revisions"}],"predecessor-version":[{"id":3583,"href":"https:\/\/udriveautosiskola.hu\/en\/wp-json\/wp\/v2\/posts\/3261\/revisions\/3583"}],"wp:featuredmedia":[{"embeddable":true,"href":"https:\/\/udriveautosiskola.hu\/en\/wp-json\/wp\/v2\/media\/522"}],"wp:attachment":[{"href":"https:\/\/udriveautosiskola.hu\/en\/wp-json\/wp\/v2\/media?parent=3261"}],"wp:term":[{"taxonomy":"category","embeddable":true,"href":"https:\/\/udriveautosiskola.hu\/en\/wp-json\/wp\/v2\/categories?post=3261"},{"taxonomy":"post_tag","embeddable":true,"href":"https:\/\/udriveautosiskola.hu\/en\/wp-json\/wp\/v2\/tags?post=3261"}],"curies":[{"name":"wp","href":"https:\/\/api.w.org\/{rel}","templated":true}]}}